{"id":2094,"date":"2025-11-08T21:23:38","date_gmt":"2025-11-08T19:23:38","guid":{"rendered":"https:\/\/www.kgv-johannestal.de\/?p=2094"},"modified":"2025-11-08T21:23:39","modified_gmt":"2025-11-08T19:23:39","slug":"abschaltung-wasserversorgung-2025","status":"publish","type":"post","link":"https:\/\/www.kgv-johannestal.de\/?p=2094","title":{"rendered":"Abschaltung Wasserversorgung 2025"},"content":{"rendered":"\n<p>Liebe Gartenfreunde,<\/p>\n\n\n\n<p>wir m\u00f6chten euch daran erinnern, dass die Wasserversorgung zu euren Parzellen bald in die Winterpause geht.<\/p>\n\n\n\n<ul class=\"wp-block-list\">\n<li><strong>Abschaltungstermin:<\/strong> <strong>Samstag, 15. November<\/strong><\/li>\n\n\n\n<li><em>Achtung:<\/em> Bei <strong>vorzeitig auftretenden Frostn\u00e4chten<\/strong> kann die Abschaltung auch schon fr\u00fcher erfolgen!<\/li>\n<\/ul>\n\n\n\n<h3 class=\"wp-block-heading\">\ud83e\udd76 Mach deine Parzelle winterfest!<\/h3>\n\n\n\n<p>Bitte vergesst nicht, eure Zuleitungen und Z\u00e4hler rechtzeitig zu sch\u00fctzen:<\/p>\n\n\n\n<p><strong>Macht bitte alle Wasserz\u00e4hler und die Zuleitungen auf eurem Pachtgrundst\u00fcck zeitnah winterfest!<\/strong><\/p>\n\n\n\n<p>Dies ist wichtig, um Frostsch\u00e4den zu vermeiden.<\/p>\n\n\n\n<p>Vielen Dank f\u00fcr eure Mithilfe!<\/p>\n\n\n\n<p>Mit freundlichen Gr\u00fc\u00dfen und &#8222;Gut Gr\u00fcn&#8220;<\/p>\n\n\n\n<p><strong>Euer Vorstand<\/strong><\/p>\n","protected":false},"excerpt":{"rendered":"<p>Liebe Gartenfreunde, wir m\u00f6chten euch daran erinnern, dass die Wasserversorgung zu euren Parzellen bald in die Winterpause geht. \ud83e\udd76 Mach deine Parzelle winterfest! Bitte vergesst nicht, eure Zuleitungen und Z\u00e4hler rechtzeitig zu sch\u00fctzen: Macht bitte alle Wasserz\u00e4hler und die Zuleitungen&hellip; <\/p>\n","protected":false},"author":1,"featured_media":0,"comment_status":"closed","ping_status":"closed","sticky":false,"template":"","format":"standard","meta":{"footnotes":""},"categories":[20,1],"tags":[29,30],"class_list":["post-2094","post","type-post","status-publish","format-standard","hentry","category-allgemeines","category-allgemein","tag-wasser","tag-winter"],"_links":{"self":[{"href":"https:\/\/www.kgv-johannestal.de\/index.php?rest_route=\/wp\/v2\/posts\/2094","targetHints":{"allow":["GET"]}}],"collection":[{"href":"https:\/\/www.kgv-johannestal.de\/index.php?rest_route=\/wp\/v2\/posts"}],"about":[{"href":"https:\/\/www.kgv-johannestal.de\/index.php?rest_route=\/wp\/v2\/types\/post"}],"author":[{"embeddable":true,"href":"https:\/\/www.kgv-johannestal.de\/index.php?rest_route=\/wp\/v2\/users\/1"}],"replies":[{"embeddable":true,"href":"https:\/\/www.kgv-johannestal.de\/index.php?rest_route=%2Fwp%2Fv2%2Fcomments&post=2094"}],"version-history":[{"count":1,"href":"https:\/\/www.kgv-johannestal.de\/index.php?rest_route=\/wp\/v2\/posts\/2094\/revisions"}],"predecessor-version":[{"id":2095,"href":"https:\/\/www.kgv-johannestal.de\/index.php?rest_route=\/wp\/v2\/posts\/2094\/revisions\/2095"}],"wp:attachment":[{"href":"https:\/\/www.kgv-johannestal.de\/index.php?rest_route=%2Fwp%2Fv2%2Fmedia&parent=2094"}],"wp:term":[{"taxonomy":"category","embeddable":true,"href":"https:\/\/www.kgv-johannestal.de\/index.php?rest_route=%2Fwp%2Fv2%2Fcategories&post=2094"},{"taxonomy":"post_tag","embeddable":true,"href":"https:\/\/www.kgv-johannestal.de\/index.php?rest_route=%2Fwp%2Fv2%2Ftags&post=2094"}],"curies":[{"name":"wp","href":"https:\/\/api.w.org\/{rel}","templated":true}]}}