{"id":2069,"date":"2024-10-10T11:55:19","date_gmt":"2024-10-10T09:55:19","guid":{"rendered":"https:\/\/www.kgv-johannestal.de\/?p=2069"},"modified":"2024-10-10T12:46:52","modified_gmt":"2024-10-10T10:46:52","slug":"wasserversorgung-winter-2024","status":"publish","type":"post","link":"https:\/\/www.kgv-johannestal.de\/?p=2069","title":{"rendered":"Wasserversorgung Winter 2024\/2025"},"content":{"rendered":"\n<p><br>Die Wasserversorgung zu den Parzellen wird zum 2. November eingestellt (bei vorzeitig auftretende Frostn\u00e4chte auch schon fr\u00fcher). Wir m\u00f6chten erinnern, dass alle Wasserz\u00e4hler und die Zuleitungen auf Euren Parzellen zeitnah winterfest gemacht werden m\u00fcssen!<br><\/p>\n","protected":false},"excerpt":{"rendered":"<p>Die Wasserversorgung zu den Parzellen wird zum 2. November eingestellt (bei vorzeitig auftretende Frostn\u00e4chte auch schon fr\u00fcher). Wir m\u00f6chten erinnern, dass alle Wasserz\u00e4hler und die Zuleitungen auf Euren Parzellen zeitnah winterfest gemacht werden m\u00fcssen!<\/p>\n","protected":false},"author":1,"featured_media":0,"comment_status":"closed","ping_status":"closed","sticky":false,"template":"","format":"standard","meta":{"footnotes":""},"categories":[20,1],"tags":[164,78,30],"class_list":["post-2069","post","type-post","status-publish","format-standard","hentry","category-allgemeines","category-allgemein","tag-164","tag-wasserversorgung","tag-winter"],"_links":{"self":[{"href":"https:\/\/www.kgv-johannestal.de\/index.php?rest_route=\/wp\/v2\/posts\/2069","targetHints":{"allow":["GET"]}}],"collection":[{"href":"https:\/\/www.kgv-johannestal.de\/index.php?rest_route=\/wp\/v2\/posts"}],"about":[{"href":"https:\/\/www.kgv-johannestal.de\/index.php?rest_route=\/wp\/v2\/types\/post"}],"author":[{"embeddable":true,"href":"https:\/\/www.kgv-johannestal.de\/index.php?rest_route=\/wp\/v2\/users\/1"}],"replies":[{"embeddable":true,"href":"https:\/\/www.kgv-johannestal.de\/index.php?rest_route=%2Fwp%2Fv2%2Fcomments&post=2069"}],"version-history":[{"count":2,"href":"https:\/\/www.kgv-johannestal.de\/index.php?rest_route=\/wp\/v2\/posts\/2069\/revisions"}],"predecessor-version":[{"id":2071,"href":"https:\/\/www.kgv-johannestal.de\/index.php?rest_route=\/wp\/v2\/posts\/2069\/revisions\/2071"}],"wp:attachment":[{"href":"https:\/\/www.kgv-johannestal.de\/index.php?rest_route=%2Fwp%2Fv2%2Fmedia&parent=2069"}],"wp:term":[{"taxonomy":"category","embeddable":true,"href":"https:\/\/www.kgv-johannestal.de\/index.php?rest_route=%2Fwp%2Fv2%2Fcategories&post=2069"},{"taxonomy":"post_tag","embeddable":true,"href":"https:\/\/www.kgv-johannestal.de\/index.php?rest_route=%2Fwp%2Fv2%2Ftags&post=2069"}],"curies":[{"name":"wp","href":"https:\/\/api.w.org\/{rel}","templated":true}]}}