{"id":1977,"date":"2022-03-07T11:57:02","date_gmt":"2022-03-07T09:57:02","guid":{"rendered":"https:\/\/www.kgv-johannestal.de\/?p=1977"},"modified":"2022-03-07T11:57:04","modified_gmt":"2022-03-07T09:57:04","slug":"vermietung-des-saals","status":"publish","type":"post","link":"https:\/\/www.kgv-johannestal.de\/?p=1977","title":{"rendered":"Vermietung des Saals"},"content":{"rendered":"\n<p>Ab sofort kann wieder der Vereinssaal f\u00fcr private Feiern und Veranstaltungen unter R\u00fccksicht der aktuell g\u00fcltigen Corona-Schutzverordnung angemietet werden. <\/p>\n","protected":false},"excerpt":{"rendered":"<p>Ab sofort kann wieder der Vereinssaal f\u00fcr private Feiern und Veranstaltungen unter R\u00fccksicht der aktuell g\u00fcltigen Corona-Schutzverordnung angemietet werden.<\/p>\n","protected":false},"author":1,"featured_media":0,"comment_status":"closed","ping_status":"closed","sticky":false,"template":"","format":"standard","meta":{"footnotes":""},"categories":[1,15],"tags":[],"class_list":["post-1977","post","type-post","status-publish","format-standard","hentry","category-allgemein","category-vereinsleben"],"_links":{"self":[{"href":"https:\/\/www.kgv-johannestal.de\/index.php?rest_route=\/wp\/v2\/posts\/1977","targetHints":{"allow":["GET"]}}],"collection":[{"href":"https:\/\/www.kgv-johannestal.de\/index.php?rest_route=\/wp\/v2\/posts"}],"about":[{"href":"https:\/\/www.kgv-johannestal.de\/index.php?rest_route=\/wp\/v2\/types\/post"}],"author":[{"embeddable":true,"href":"https:\/\/www.kgv-johannestal.de\/index.php?rest_route=\/wp\/v2\/users\/1"}],"replies":[{"embeddable":true,"href":"https:\/\/www.kgv-johannestal.de\/index.php?rest_route=%2Fwp%2Fv2%2Fcomments&post=1977"}],"version-history":[{"count":1,"href":"https:\/\/www.kgv-johannestal.de\/index.php?rest_route=\/wp\/v2\/posts\/1977\/revisions"}],"predecessor-version":[{"id":1978,"href":"https:\/\/www.kgv-johannestal.de\/index.php?rest_route=\/wp\/v2\/posts\/1977\/revisions\/1978"}],"wp:attachment":[{"href":"https:\/\/www.kgv-johannestal.de\/index.php?rest_route=%2Fwp%2Fv2%2Fmedia&parent=1977"}],"wp:term":[{"taxonomy":"category","embeddable":true,"href":"https:\/\/www.kgv-johannestal.de\/index.php?rest_route=%2Fwp%2Fv2%2Fcategories&post=1977"},{"taxonomy":"post_tag","embeddable":true,"href":"https:\/\/www.kgv-johannestal.de\/index.php?rest_route=%2Fwp%2Fv2%2Ftags&post=1977"}],"curies":[{"name":"wp","href":"https:\/\/api.w.org\/{rel}","templated":true}]}}