{"id":1361,"date":"2017-02-27T09:47:44","date_gmt":"2017-02-27T07:47:44","guid":{"rendered":"https:\/\/www.kgv-johannestal.de\/?p=1361"},"modified":"2017-03-13T11:11:44","modified_gmt":"2017-03-13T09:11:44","slug":"feurige-nuetzlinge","status":"publish","type":"post","link":"https:\/\/www.kgv-johannestal.de\/?p=1361","title":{"rendered":"Feurige N\u00fctzlinge"},"content":{"rendered":"<p><img loading=\"lazy\" decoding=\"async\" src=\"https:\/\/www.kgv-johannestal.de\/wp-content\/uploads\/2017\/02\/feuerwanzen_1-297x300.jpg\" alt=\"\" width=\"297\" height=\"300\" class=\"alignright size-medium wp-image-1363\" srcset=\"https:\/\/www.kgv-johannestal.de\/wp-content\/uploads\/2017\/02\/feuerwanzen_1-297x300.jpg 297w, https:\/\/www.kgv-johannestal.de\/wp-content\/uploads\/2017\/02\/feuerwanzen_1.jpg 559w\" sizes=\"auto, (max-width: 297px) 100vw, 297px\" \/>Zeigen sich die ersten Sonnenstrahlen im M\u00e4rz kommen sie aus ihren Winterquartieren zwischen Ritzen, Steinen, Rinden und Bodenh\u00f6hlen hervor. Jeder kennt sie, wei\u00df aber nichts mit ihnen anzufangen. Die Rede ist von den gemeinen Feuerwanzen. Eine Wanzenart die besonders in unseren heimischen G\u00e4rten zu finden ist.<br \/>\nDie Wanzen treten meist in kleinen bis mittelgro\u00dfen Gruppen auf, sind jedoch keine Sch\u00e4dlinge, sondern allenfalls L\u00e4stlinge. D.h. sie richten keinen  Schaden an Pflanzen oder B\u00e4umen an!<br \/>\nFeuerwanzen k\u00f6nnen aufgrund ihrer verk\u00fcrzten Fl\u00fcgel nicht fliegen und ern\u00e4hren sich vorwiegend mit ihrem R\u00fcssel von Pflanzens\u00e4ften aus Malven-  und Lindengew\u00e4chsen. Gelegentlich auch von toten Insekten und Honigtau.<br \/>\nSie lieben sonnige trockene Pl\u00e4tze. Ihre Lieblingsgericht ist der Lindensamen. Aus diesem Grund findet man auch an sonnigen Tagen hunderte von ihnen versammelt am Fu\u00dfe von Linden.<br \/>\nF\u00fcr ihren Nachwuchs nutzen Feuerwanzen die G\u00e4nge unter Baumrinden die andere baumsch\u00e4digende K\u00e4fer wie z.B. der Borkenk\u00e4fer oder andere Arten gebohrt haben. Dort fressen die Larven der Feuerwanze alle anderen Bohrk\u00e4ferlarven und sch\u00fctzen somit den Baum.<br \/>\nDaher sind Feuerwanzen \u00e4u\u00dferst n\u00fctzlich!<\/p>\n<p><em>Was tun gegen Feuerwanzen?<br \/>\n1.\tAus dem Garten ein Feuchtbiotop machen. Feuerwanzen lieben trockene sonnige und warme Pl\u00e4tze.<br \/>\n2.\tAlle Malvengew\u00e4chse wie Hibiskus, Stockrose, Mauretanische Malve, Strauchmalve etc. sowie Lindengew\u00e4chse entfernen. <\/em><\/p>\n<p><strong>JETZT ABER MAL EHRLICH:<\/strong> Soviel Stress f\u00fcr ein paar n\u00fctzliche K\u00e4fer? Euer Kleingarten ist kein Wohnzimmer, sondern ein Garten in dem die Artenvielfalt gef\u00f6rdert werden soll und muss. Klinisch reine Fl\u00e4chen haben dort nichts zu suchen. Die Feuerwanzen sind n\u00fctzliche kleine Insekten, lieben die Gruppe und geh\u00f6ren mit in den Garten. T\u00f6tet keine Feuerwanzen mit Gift oder Feuer! Nutz einen Handfeger und Kehrblech o.\u00c4. und setzt die Feuerwanzen am  n\u00e4chsten Baum aus. Sie und der Baum werden es Euch danken!<\/p>\n<p><strong>Hier der Artikel als PDF zum download:\u00a0<a href=\"https:\/\/www.kgv-johannestal.de\/wp-content\/uploads\/2017\/01\/KurzInformiert_Feuerwanze.pdf\">Kurz informiert &#8211; Feuerwanzen<\/a><\/strong><\/p>\n","protected":false},"excerpt":{"rendered":"<p>Zeigen sich die ersten Sonnenstrahlen im M\u00e4rz kommen sie aus ihren Winterquartieren zwischen Ritzen, Steinen, Rinden und Bodenh\u00f6hlen hervor. Jeder kennt sie, wei\u00df aber nichts mit ihnen anzufangen. Die Rede ist von den gemeinen Feuerwanzen. Eine Wanzenart die besonders in&hellip; <\/p>\n","protected":false},"author":1,"featured_media":1362,"comment_status":"closed","ping_status":"closed","sticky":false,"template":"","format":"standard","meta":{"footnotes":""},"categories":[52,1],"tags":[125,127,126],"class_list":["post-1361","post","type-post","status-publish","format-standard","has-post-thumbnail","hentry","category-fachberatung","category-allgemein","tag-feuerwanzen","tag-malven","tag-nuetzlinge"],"_links":{"self":[{"href":"https:\/\/www.kgv-johannestal.de\/index.php?rest_route=\/wp\/v2\/posts\/1361","targetHints":{"allow":["GET"]}}],"collection":[{"href":"https:\/\/www.kgv-johannestal.de\/index.php?rest_route=\/wp\/v2\/posts"}],"about":[{"href":"https:\/\/www.kgv-johannestal.de\/index.php?rest_route=\/wp\/v2\/types\/post"}],"author":[{"embeddable":true,"href":"https:\/\/www.kgv-johannestal.de\/index.php?rest_route=\/wp\/v2\/users\/1"}],"replies":[{"embeddable":true,"href":"https:\/\/www.kgv-johannestal.de\/index.php?rest_route=%2Fwp%2Fv2%2Fcomments&post=1361"}],"version-history":[{"count":3,"href":"https:\/\/www.kgv-johannestal.de\/index.php?rest_route=\/wp\/v2\/posts\/1361\/revisions"}],"predecessor-version":[{"id":1548,"href":"https:\/\/www.kgv-johannestal.de\/index.php?rest_route=\/wp\/v2\/posts\/1361\/revisions\/1548"}],"wp:featuredmedia":[{"embeddable":true,"href":"https:\/\/www.kgv-johannestal.de\/index.php?rest_route=\/wp\/v2\/media\/1362"}],"wp:attachment":[{"href":"https:\/\/www.kgv-johannestal.de\/index.php?rest_route=%2Fwp%2Fv2%2Fmedia&parent=1361"}],"wp:term":[{"taxonomy":"category","embeddable":true,"href":"https:\/\/www.kgv-johannestal.de\/index.php?rest_route=%2Fwp%2Fv2%2Fcategories&post=1361"},{"taxonomy":"post_tag","embeddable":true,"href":"https:\/\/www.kgv-johannestal.de\/index.php?rest_route=%2Fwp%2Fv2%2Ftags&post=1361"}],"curies":[{"name":"wp","href":"https:\/\/api.w.org\/{rel}","templated":true}]}}