{"id":2090,"global_id":"www.kgv-johannestal.de?id=2090","global_id_lineage":["www.kgv-johannestal.de?id=2090"],"author":"1","status":"publish","date":"2025-11-08 21:08:38","date_utc":"2025-11-08 19:08:38","modified":"2025-11-08 21:08:38","modified_utc":"2025-11-08 19:08:38","url":"https:\/\/www.kgv-johannestal.de\/?tribe_events=herbstfegen-letzte-gemeinschaftsarbeit-2025","rest_url":"https:\/\/www.kgv-johannestal.de\/index.php?rest_route=\/tribe\/events\/v1\/events\/2090","title":"Herbstfegen &#8211; letzte Gemeinschaftsarbeit 2025","description":"<p>Liebe Gartenfreunde,<\/p>\n<p>die Winterzeit r\u00fcckt unaufhaltsam n\u00e4her. Bevor der Frost Einzug h\u00e4lt, ist es wieder an der Zeit, unsere gesamte Anlage gemeinschaftlich f\u00fcr die kalte Jahreszeit vorzubereiten.<\/p>\n<p>Wir laden euch herzlich zur <b>letzten Gemeinschaftsarbeit f\u00fcr das Gartenjahr 2025<\/b> ein!<\/p>\n<p><b>Datum:<\/b> Samstag, den 22. November 2025 um 10:00 Uhr.<\/p>\n<p><b>Treffpunkt:<\/b> Wir treffen uns auf der gro\u00dfen Wiese.<\/p>\n<p>Gemeinsam k\u00fcmmern wir uns um das Einwintern der Ger\u00e4tschaften, das Aufr\u00e4umen und andere wichtige Arbeiten. Nach getaner Arbeit ist f\u00fcr Ihr leibliches Wohl gesorgt: Es gibt W\u00fcrstchen vom Grill sowie hei\u00dfe und kalte Getr\u00e4nke.<\/p>\n<p><b>Wichtig:<\/b> Bitte melden Sie sich unbedingt bis zum <b>20. November 2025<\/b> bei der Obfrau Edyta Kaprol an. Wir freuen uns auf Ihre zahlreiche Teilnahme und einen produktiven Vormittag!<\/p>","excerpt":"","slug":"herbstfegen-letzte-gemeinschaftsarbeit-2025","image":false,"all_day":false,"start_date":"2025-11-22 10:00:00","start_date_details":{"year":"2025","month":"11","day":"22","hour":"10","minutes":"00","seconds":"00"},"end_date":"2025-11-22 14:00:00","end_date_details":{"year":"2025","month":"11","day":"22","hour":"14","minutes":"00","seconds":"00"},"utc_start_date":"2025-11-22 08:00:00","utc_start_date_details":{"year":"2025","month":"11","day":"22","hour":"08","minutes":"00","seconds":"00"},"utc_end_date":"2025-11-22 12:00:00","utc_end_date_details":{"year":"2025","month":"11","day":"22","hour":"12","minutes":"00","seconds":"00"},"timezone":"UTC+2","timezone_abbr":"UTC+2","cost":"","cost_details":{"currency_symbol":"\u20ac","currency_code":"USD","currency_position":"suffix","values":[]},"website":"","show_map":false,"show_map_link":false,"hide_from_listings":false,"sticky":false,"featured":false,"categories":[{"name":"Sonstiges","slug":"sonstiges","term_group":0,"term_taxonomy_id":48,"taxonomy":"tribe_events_cat","description":"","parent":0,"count":2,"filter":"raw","id":45,"urls":{"self":"https:\/\/www.kgv-johannestal.de\/index.php?rest_route=\/tribe\/events\/v1\/categories\/45","collection":"https:\/\/www.kgv-johannestal.de\/index.php?rest_route=\/tribe\/events\/v1\/categories"}}],"tags":[{"name":"Herbstfegen","slug":"herbstfegen","term_group":0,"term_taxonomy_id":167,"taxonomy":"post_tag","description":"","parent":0,"count":2,"filter":"raw","id":167,"urls":{"self":"https:\/\/www.kgv-johannestal.de\/index.php?rest_route=\/tribe\/events\/v1\/tags\/167","collection":"https:\/\/www.kgv-johannestal.de\/index.php?rest_route=\/tribe\/events\/v1\/tags"}}],"venue":[],"organizer":[],"custom_fields":[],"json_ld":{"@context":"http:\/\/schema.org","@type":"Event","name":"Herbstfegen &#8211; letzte Gemeinschaftsarbeit 2025","description":"&lt;p&gt;Liebe Gartenfreunde, die Winterzeit r\u00fcckt unaufhaltsam n\u00e4her. Bevor der Frost Einzug h\u00e4lt, ist es wieder an der Zeit, unsere gesamte Anlage gemeinschaftlich f\u00fcr die kalte Jahreszeit vorzubereiten. Wir laden euch herzlich zur letzten Gemeinschaftsarbeit f\u00fcr das Gartenjahr 2025 ein! Datum:&hellip; &lt;\/p&gt;\\n","url":"https:\/\/www.kgv-johannestal.de\/?tribe_events=herbstfegen-letzte-gemeinschaftsarbeit-2025","eventAttendanceMode":"https:\/\/schema.org\/OfflineEventAttendanceMode","eventStatus":"https:\/\/schema.org\/EventScheduled","startDate":"2025-11-22T10:00:00+02:00","endDate":"2025-11-22T14:00:00+02:00","performer":"Organization"}}